{"id":4017,"date":"2026-04-27T10:02:22","date_gmt":"2026-04-27T10:02:22","guid":{"rendered":"https:\/\/paceco-momentum.com\/?p=4017"},"modified":"2026-04-27T12:24:29","modified_gmt":"2026-04-27T12:24:29","slug":"paceco-group-will-attend-toc-europe-2026","status":"publish","type":"post","link":"https:\/\/paceco-momentum.com\/en\/paceco-group-will-attend-toc-europe-2026\/","title":{"rendered":"PACECO GROUP will attend TOC EUROPE 2026"},"content":{"rendered":"\t\t<div data-elementor-type=\"wp-post\" data-elementor-id=\"4017\" class=\"elementor elementor-4017 elementor-3995\" data-elementor-post-type=\"post\">\n\t\t\t\t<div class=\"elementor-element elementor-element-78e6179 e-flex e-con-boxed e-con e-parent\" data-id=\"78e6179\" data-element_type=\"container\" data-e-type=\"container\">\n\t\t\t\t\t<div class=\"e-con-inner\">\n\t\t\t\t<div class=\"elementor-element elementor-element-48e15cfd elementor-widget elementor-widget-text-editor\" data-id=\"48e15cfd\" data-element_type=\"widget\" data-e-type=\"widget\" data-widget_type=\"text-editor.default\">\n\t\t\t\t<div class=\"elementor-widget-container\">\n\t\t\t\t\t\t\t\t\t<p>The companies that make up the PACECO GROUP (MITSUI E&amp;S, PACECO Corp., PACECO MOMENTUM and PACECO POSEIDON) will be taking part in the next edition of TOC EUROPE in Hamburg (Germany) from 19 to 21 May 2026. We look forward to welcoming you at stand B70 to provide you with further information on our latest developments.<\/p>\t\t\t\t\t\t\t\t<\/div>\n\t\t\t\t<\/div>\n\t\t\t\t\t<\/div>\n\t\t\t\t<\/div>\n\t\t<div class=\"elementor-element elementor-element-9207b2a e-flex e-con-boxed e-con e-parent\" data-id=\"9207b2a\" data-element_type=\"container\" data-e-type=\"container\">\n\t\t\t\t\t<div class=\"e-con-inner\">\n\t\t\t\t\t<\/div>\n\t\t\t\t<\/div>\n\t\t\t\t<\/div>\n\t\t","protected":false},"excerpt":{"rendered":"<p>The companies that make up the PACECO GROUP (MITSUI E&amp;S, PACECO Corp., PACECO MOMENTUM and PACECO POSEIDON) will be taking part in the next edition of TOC EUROPE in Hamburg (Germany) from 19 to 21 May 2026. We look forward to welcoming you at stand B70 to provide you with further information on our latest [&hellip;]<\/p>\n","protected":false},"author":3,"featured_media":3997,"comment_status":"open","ping_status":"open","sticky":false,"template":"","format":"standard","meta":{"_acf_changed":false,"inline_featured_image":false,"footnotes":""},"categories":[46],"tags":[31],"class_list":["post-4017","post","type-post","status-publish","format-standard","has-post-thumbnail","hentry","category-news","tag-news"],"acf":[],"yoast_head":"<!-- This site is optimized with the Yoast SEO plugin v27.4 - https:\/\/yoast.com\/product\/yoast-seo-wordpress\/ -->\n<title>PACECO GROUP will attend TOC EUROPE 2026 - Paceco<\/title>\n<meta name=\"robots\" content=\"index, follow, max-snippet:-1, max-image-preview:large, max-video-preview:-1\" \/>\n<link rel=\"canonical\" href=\"https:\/\/paceco-momentum.com\/en\/paceco-group-will-attend-toc-europe-2026\/\" \/>\n<meta property=\"og:locale\" content=\"en_US\" \/>\n<meta property=\"og:type\" content=\"article\" \/>\n<meta property=\"og:title\" content=\"PACECO GROUP will attend TOC EUROPE 2026 - Paceco\" \/>\n<meta property=\"og:description\" content=\"The companies that make up the PACECO GROUP (MITSUI E&amp;S, PACECO Corp., PACECO MOMENTUM and PACECO POSEIDON) will be taking part in the next edition of TOC EUROPE in Hamburg (Germany) from 19 to 21 May 2026. We look forward to welcoming you at stand B70 to provide you with further information on our latest [&hellip;]\" \/>\n<meta property=\"og:url\" content=\"https:\/\/paceco-momentum.com\/en\/paceco-group-will-attend-toc-europe-2026\/\" \/>\n<meta property=\"og:site_name\" content=\"Paceco\" \/>\n<meta property=\"article:published_time\" content=\"2026-04-27T10:02:22+00:00\" \/>\n<meta property=\"article:modified_time\" content=\"2026-04-27T12:24:29+00:00\" \/>\n<meta property=\"og:image\" content=\"https:\/\/paceco-momentum.com\/wp-content\/uploads\/2026\/04\/2.png\" \/>\n\t<meta property=\"og:image:width\" content=\"1200\" \/>\n\t<meta property=\"og:image:height\" content=\"1200\" \/>\n\t<meta property=\"og:image:type\" content=\"image\/png\" \/>\n<meta name=\"author\" content=\"nuria\" \/>\n<meta name=\"twitter:card\" content=\"summary_large_image\" \/>\n<meta name=\"twitter:label1\" content=\"Written by\" \/>\n\t<meta name=\"twitter:data1\" content=\"nuria\" \/>\n\t<meta name=\"twitter:label2\" content=\"Est. reading time\" \/>\n\t<meta name=\"twitter:data2\" content=\"1 minute\" \/>\n<script type=\"application\/ld+json\" class=\"yoast-schema-graph\">{\"@context\":\"https:\\\/\\\/schema.org\",\"@graph\":[{\"@type\":\"Article\",\"@id\":\"https:\\\/\\\/paceco-momentum.com\\\/en\\\/paceco-group-will-attend-toc-europe-2026\\\/#article\",\"isPartOf\":{\"@id\":\"https:\\\/\\\/paceco-momentum.com\\\/en\\\/paceco-group-will-attend-toc-europe-2026\\\/\"},\"author\":{\"name\":\"nuria\",\"@id\":\"https:\\\/\\\/ronin4s.tech\\\/paceco\\\/#\\\/schema\\\/person\\\/8cf852b53449cae717c4dab54ff83c85\"},\"headline\":\"PACECO GROUP will attend TOC EUROPE 2026\",\"datePublished\":\"2026-04-27T10:02:22+00:00\",\"dateModified\":\"2026-04-27T12:24:29+00:00\",\"mainEntityOfPage\":{\"@id\":\"https:\\\/\\\/paceco-momentum.com\\\/en\\\/paceco-group-will-attend-toc-europe-2026\\\/\"},\"wordCount\":61,\"commentCount\":0,\"publisher\":{\"@id\":\"https:\\\/\\\/ronin4s.tech\\\/paceco\\\/#organization\"},\"image\":{\"@id\":\"https:\\\/\\\/paceco-momentum.com\\\/en\\\/paceco-group-will-attend-toc-europe-2026\\\/#primaryimage\"},\"thumbnailUrl\":\"https:\\\/\\\/paceco-momentum.com\\\/wp-content\\\/uploads\\\/2026\\\/04\\\/2.png\",\"keywords\":[\"News\"],\"articleSection\":[\"News\"],\"inLanguage\":\"en-US\",\"potentialAction\":[{\"@type\":\"CommentAction\",\"name\":\"Comment\",\"target\":[\"https:\\\/\\\/paceco-momentum.com\\\/en\\\/paceco-group-will-attend-toc-europe-2026\\\/#respond\"]}]},{\"@type\":\"WebPage\",\"@id\":\"https:\\\/\\\/paceco-momentum.com\\\/en\\\/paceco-group-will-attend-toc-europe-2026\\\/\",\"url\":\"https:\\\/\\\/paceco-momentum.com\\\/en\\\/paceco-group-will-attend-toc-europe-2026\\\/\",\"name\":\"PACECO GROUP will attend TOC EUROPE 2026 - Paceco\",\"isPartOf\":{\"@id\":\"https:\\\/\\\/ronin4s.tech\\\/paceco\\\/#website\"},\"primaryImageOfPage\":{\"@id\":\"https:\\\/\\\/paceco-momentum.com\\\/en\\\/paceco-group-will-attend-toc-europe-2026\\\/#primaryimage\"},\"image\":{\"@id\":\"https:\\\/\\\/paceco-momentum.com\\\/en\\\/paceco-group-will-attend-toc-europe-2026\\\/#primaryimage\"},\"thumbnailUrl\":\"https:\\\/\\\/paceco-momentum.com\\\/wp-content\\\/uploads\\\/2026\\\/04\\\/2.png\",\"datePublished\":\"2026-04-27T10:02:22+00:00\",\"dateModified\":\"2026-04-27T12:24:29+00:00\",\"breadcrumb\":{\"@id\":\"https:\\\/\\\/paceco-momentum.com\\\/en\\\/paceco-group-will-attend-toc-europe-2026\\\/#breadcrumb\"},\"inLanguage\":\"en-US\",\"potentialAction\":[{\"@type\":\"ReadAction\",\"target\":[\"https:\\\/\\\/paceco-momentum.com\\\/en\\\/paceco-group-will-attend-toc-europe-2026\\\/\"]}]},{\"@type\":\"ImageObject\",\"inLanguage\":\"en-US\",\"@id\":\"https:\\\/\\\/paceco-momentum.com\\\/en\\\/paceco-group-will-attend-toc-europe-2026\\\/#primaryimage\",\"url\":\"https:\\\/\\\/paceco-momentum.com\\\/wp-content\\\/uploads\\\/2026\\\/04\\\/2.png\",\"contentUrl\":\"https:\\\/\\\/paceco-momentum.com\\\/wp-content\\\/uploads\\\/2026\\\/04\\\/2.png\",\"width\":1200,\"height\":1200,\"caption\":\"TOC EUROPE 2026 PACECO GROUP\"},{\"@type\":\"BreadcrumbList\",\"@id\":\"https:\\\/\\\/paceco-momentum.com\\\/en\\\/paceco-group-will-attend-toc-europe-2026\\\/#breadcrumb\",\"itemListElement\":[{\"@type\":\"ListItem\",\"position\":1,\"name\":\"Portada\",\"item\":\"https:\\\/\\\/paceco-momentum.com\\\/en\\\/\"},{\"@type\":\"ListItem\",\"position\":2,\"name\":\"PACECO GROUP will attend TOC EUROPE 2026\"}]},{\"@type\":\"WebSite\",\"@id\":\"https:\\\/\\\/ronin4s.tech\\\/paceco\\\/#website\",\"url\":\"https:\\\/\\\/ronin4s.tech\\\/paceco\\\/\",\"name\":\"Paceco\",\"description\":\"Gr\u00faas, servicios y tecnolog\u00edas para terminales de contenedores y multiprop\u00f3sito - Paceco Momentum\",\"publisher\":{\"@id\":\"https:\\\/\\\/ronin4s.tech\\\/paceco\\\/#organization\"},\"potentialAction\":[{\"@type\":\"SearchAction\",\"target\":{\"@type\":\"EntryPoint\",\"urlTemplate\":\"https:\\\/\\\/ronin4s.tech\\\/paceco\\\/?s={search_term_string}\"},\"query-input\":{\"@type\":\"PropertyValueSpecification\",\"valueRequired\":true,\"valueName\":\"search_term_string\"}}],\"inLanguage\":\"en-US\"},{\"@type\":\"Organization\",\"@id\":\"https:\\\/\\\/ronin4s.tech\\\/paceco\\\/#organization\",\"name\":\"Paceco\",\"url\":\"https:\\\/\\\/ronin4s.tech\\\/paceco\\\/\",\"logo\":{\"@type\":\"ImageObject\",\"inLanguage\":\"en-US\",\"@id\":\"https:\\\/\\\/ronin4s.tech\\\/paceco\\\/#\\\/schema\\\/logo\\\/image\\\/\",\"url\":\"https:\\\/\\\/paceco-momentum.com\\\/wp-content\\\/uploads\\\/2023\\\/09\\\/momentum-logo.png\",\"contentUrl\":\"https:\\\/\\\/paceco-momentum.com\\\/wp-content\\\/uploads\\\/2023\\\/09\\\/momentum-logo.png\",\"width\":600,\"height\":119,\"caption\":\"Paceco\"},\"image\":{\"@id\":\"https:\\\/\\\/ronin4s.tech\\\/paceco\\\/#\\\/schema\\\/logo\\\/image\\\/\"}},{\"@type\":\"Person\",\"@id\":\"https:\\\/\\\/ronin4s.tech\\\/paceco\\\/#\\\/schema\\\/person\\\/8cf852b53449cae717c4dab54ff83c85\",\"name\":\"nuria\",\"image\":{\"@type\":\"ImageObject\",\"inLanguage\":\"en-US\",\"@id\":\"https:\\\/\\\/secure.gravatar.com\\\/avatar\\\/d5b1229637bac511b9de4b2261226bf414fc334fe31117b419379111a9648c1c?s=96&d=mm&r=g\",\"url\":\"https:\\\/\\\/secure.gravatar.com\\\/avatar\\\/d5b1229637bac511b9de4b2261226bf414fc334fe31117b419379111a9648c1c?s=96&d=mm&r=g\",\"contentUrl\":\"https:\\\/\\\/secure.gravatar.com\\\/avatar\\\/d5b1229637bac511b9de4b2261226bf414fc334fe31117b419379111a9648c1c?s=96&d=mm&r=g\",\"caption\":\"nuria\"},\"url\":\"https:\\\/\\\/paceco-momentum.com\\\/en\\\/author\\\/nuria\\\/\"}]}<\/script>\n<!-- \/ Yoast SEO plugin. -->","yoast_head_json":{"title":"PACECO GROUP will attend TOC EUROPE 2026 - Paceco","robots":{"index":"index","follow":"follow","max-snippet":"max-snippet:-1","max-image-preview":"max-image-preview:large","max-video-preview":"max-video-preview:-1"},"canonical":"https:\/\/paceco-momentum.com\/en\/paceco-group-will-attend-toc-europe-2026\/","og_locale":"en_US","og_type":"article","og_title":"PACECO GROUP will attend TOC EUROPE 2026 - Paceco","og_description":"The companies that make up the PACECO GROUP (MITSUI E&amp;S, PACECO Corp., PACECO MOMENTUM and PACECO POSEIDON) will be taking part in the next edition of TOC EUROPE in Hamburg (Germany) from 19 to 21 May 2026. We look forward to welcoming you at stand B70 to provide you with further information on our latest [&hellip;]","og_url":"https:\/\/paceco-momentum.com\/en\/paceco-group-will-attend-toc-europe-2026\/","og_site_name":"Paceco","article_published_time":"2026-04-27T10:02:22+00:00","article_modified_time":"2026-04-27T12:24:29+00:00","og_image":[{"width":1200,"height":1200,"url":"https:\/\/paceco-momentum.com\/wp-content\/uploads\/2026\/04\/2.png","type":"image\/png"}],"author":"nuria","twitter_card":"summary_large_image","twitter_misc":{"Written by":"nuria","Est. reading time":"1 minute"},"schema":{"@context":"https:\/\/schema.org","@graph":[{"@type":"Article","@id":"https:\/\/paceco-momentum.com\/en\/paceco-group-will-attend-toc-europe-2026\/#article","isPartOf":{"@id":"https:\/\/paceco-momentum.com\/en\/paceco-group-will-attend-toc-europe-2026\/"},"author":{"name":"nuria","@id":"https:\/\/ronin4s.tech\/paceco\/#\/schema\/person\/8cf852b53449cae717c4dab54ff83c85"},"headline":"PACECO GROUP will attend TOC EUROPE 2026","datePublished":"2026-04-27T10:02:22+00:00","dateModified":"2026-04-27T12:24:29+00:00","mainEntityOfPage":{"@id":"https:\/\/paceco-momentum.com\/en\/paceco-group-will-attend-toc-europe-2026\/"},"wordCount":61,"commentCount":0,"publisher":{"@id":"https:\/\/ronin4s.tech\/paceco\/#organization"},"image":{"@id":"https:\/\/paceco-momentum.com\/en\/paceco-group-will-attend-toc-europe-2026\/#primaryimage"},"thumbnailUrl":"https:\/\/paceco-momentum.com\/wp-content\/uploads\/2026\/04\/2.png","keywords":["News"],"articleSection":["News"],"inLanguage":"en-US","potentialAction":[{"@type":"CommentAction","name":"Comment","target":["https:\/\/paceco-momentum.com\/en\/paceco-group-will-attend-toc-europe-2026\/#respond"]}]},{"@type":"WebPage","@id":"https:\/\/paceco-momentum.com\/en\/paceco-group-will-attend-toc-europe-2026\/","url":"https:\/\/paceco-momentum.com\/en\/paceco-group-will-attend-toc-europe-2026\/","name":"PACECO GROUP will attend TOC EUROPE 2026 - Paceco","isPartOf":{"@id":"https:\/\/ronin4s.tech\/paceco\/#website"},"primaryImageOfPage":{"@id":"https:\/\/paceco-momentum.com\/en\/paceco-group-will-attend-toc-europe-2026\/#primaryimage"},"image":{"@id":"https:\/\/paceco-momentum.com\/en\/paceco-group-will-attend-toc-europe-2026\/#primaryimage"},"thumbnailUrl":"https:\/\/paceco-momentum.com\/wp-content\/uploads\/2026\/04\/2.png","datePublished":"2026-04-27T10:02:22+00:00","dateModified":"2026-04-27T12:24:29+00:00","breadcrumb":{"@id":"https:\/\/paceco-momentum.com\/en\/paceco-group-will-attend-toc-europe-2026\/#breadcrumb"},"inLanguage":"en-US","potentialAction":[{"@type":"ReadAction","target":["https:\/\/paceco-momentum.com\/en\/paceco-group-will-attend-toc-europe-2026\/"]}]},{"@type":"ImageObject","inLanguage":"en-US","@id":"https:\/\/paceco-momentum.com\/en\/paceco-group-will-attend-toc-europe-2026\/#primaryimage","url":"https:\/\/paceco-momentum.com\/wp-content\/uploads\/2026\/04\/2.png","contentUrl":"https:\/\/paceco-momentum.com\/wp-content\/uploads\/2026\/04\/2.png","width":1200,"height":1200,"caption":"TOC EUROPE 2026 PACECO GROUP"},{"@type":"BreadcrumbList","@id":"https:\/\/paceco-momentum.com\/en\/paceco-group-will-attend-toc-europe-2026\/#breadcrumb","itemListElement":[{"@type":"ListItem","position":1,"name":"Portada","item":"https:\/\/paceco-momentum.com\/en\/"},{"@type":"ListItem","position":2,"name":"PACECO GROUP will attend TOC EUROPE 2026"}]},{"@type":"WebSite","@id":"https:\/\/ronin4s.tech\/paceco\/#website","url":"https:\/\/ronin4s.tech\/paceco\/","name":"Paceco","description":"Gr\u00faas, servicios y tecnolog\u00edas para terminales de contenedores y multiprop\u00f3sito - Paceco Momentum","publisher":{"@id":"https:\/\/ronin4s.tech\/paceco\/#organization"},"potentialAction":[{"@type":"SearchAction","target":{"@type":"EntryPoint","urlTemplate":"https:\/\/ronin4s.tech\/paceco\/?s={search_term_string}"},"query-input":{"@type":"PropertyValueSpecification","valueRequired":true,"valueName":"search_term_string"}}],"inLanguage":"en-US"},{"@type":"Organization","@id":"https:\/\/ronin4s.tech\/paceco\/#organization","name":"Paceco","url":"https:\/\/ronin4s.tech\/paceco\/","logo":{"@type":"ImageObject","inLanguage":"en-US","@id":"https:\/\/ronin4s.tech\/paceco\/#\/schema\/logo\/image\/","url":"https:\/\/paceco-momentum.com\/wp-content\/uploads\/2023\/09\/momentum-logo.png","contentUrl":"https:\/\/paceco-momentum.com\/wp-content\/uploads\/2023\/09\/momentum-logo.png","width":600,"height":119,"caption":"Paceco"},"image":{"@id":"https:\/\/ronin4s.tech\/paceco\/#\/schema\/logo\/image\/"}},{"@type":"Person","@id":"https:\/\/ronin4s.tech\/paceco\/#\/schema\/person\/8cf852b53449cae717c4dab54ff83c85","name":"nuria","image":{"@type":"ImageObject","inLanguage":"en-US","@id":"https:\/\/secure.gravatar.com\/avatar\/d5b1229637bac511b9de4b2261226bf414fc334fe31117b419379111a9648c1c?s=96&d=mm&r=g","url":"https:\/\/secure.gravatar.com\/avatar\/d5b1229637bac511b9de4b2261226bf414fc334fe31117b419379111a9648c1c?s=96&d=mm&r=g","contentUrl":"https:\/\/secure.gravatar.com\/avatar\/d5b1229637bac511b9de4b2261226bf414fc334fe31117b419379111a9648c1c?s=96&d=mm&r=g","caption":"nuria"},"url":"https:\/\/paceco-momentum.com\/en\/author\/nuria\/"}]}},"_links":{"self":[{"href":"https:\/\/paceco-momentum.com\/en\/wp-json\/wp\/v2\/posts\/4017","targetHints":{"allow":["GET"]}}],"collection":[{"href":"https:\/\/paceco-momentum.com\/en\/wp-json\/wp\/v2\/posts"}],"about":[{"href":"https:\/\/paceco-momentum.com\/en\/wp-json\/wp\/v2\/types\/post"}],"author":[{"embeddable":true,"href":"https:\/\/paceco-momentum.com\/en\/wp-json\/wp\/v2\/users\/3"}],"replies":[{"embeddable":true,"href":"https:\/\/paceco-momentum.com\/en\/wp-json\/wp\/v2\/comments?post=4017"}],"version-history":[{"count":10,"href":"https:\/\/paceco-momentum.com\/en\/wp-json\/wp\/v2\/posts\/4017\/revisions"}],"predecessor-version":[{"id":4029,"href":"https:\/\/paceco-momentum.com\/en\/wp-json\/wp\/v2\/posts\/4017\/revisions\/4029"}],"wp:featuredmedia":[{"embeddable":true,"href":"https:\/\/paceco-momentum.com\/en\/wp-json\/wp\/v2\/media\/3997"}],"wp:attachment":[{"href":"https:\/\/paceco-momentum.com\/en\/wp-json\/wp\/v2\/media?parent=4017"}],"wp:term":[{"taxonomy":"category","embeddable":true,"href":"https:\/\/paceco-momentum.com\/en\/wp-json\/wp\/v2\/categories?post=4017"},{"taxonomy":"post_tag","embeddable":true,"href":"https:\/\/paceco-momentum.com\/en\/wp-json\/wp\/v2\/tags?post=4017"}],"curies":[{"name":"wp","href":"https:\/\/api.w.org\/{rel}","templated":true}]}}